{"html":"                                                            \n\n    \u003Carticle class=\u0022col-md-6 col-lg-4 block-tile type-article\u0022\u003E\n                    \u003Cdiv class=\u0022border rounded shadow-sm h-100 flex-column d-flex    \u0022\u003E\n                    \u003Ca href=\u0022\/care-inside\/mitarbeiter-der-schoenes-leben-gruppe-spenden-fuer-kollegen\u0022\u003E\n                            \n                            \n                    \u003Cdiv class=\u0022tile-body flex-grow-1 d-flex flex-column    \u0022\u003E\n                                                                                                            \u003Ch3 class=\u0022h2\u0022\u003EMitarbeiter der Sch\u00f6nes-Leben-Gruppe spenden f\u00fcr Kollegen\u003C\/h3\u003E\n                            \n                                    \n                                                                                    \u003Cp class=\u0022flex-grow-1\u0022\u003E\n                                                        \nDie Mitarbeiter der Seniorenresidenz Bad M\u00fcnstereifel wurden von der Flutkatastrophe im Sommer schwer getroffen. Die Kollegen\n                                                            \u0026hellip; \u003Cicon class=\u0022fa fa-angle-double-right ms-1\u0022\u003E\u003C\/icon\u003E\n                                                    \u003C\/p\u003E\n                                    \n                                                            \u003Ctime class=\u0022small\u0022 datetime=\u00222021-12-22T22:06:31+01:00\u0022\u003E\n                            22. Dezember 2021 | 22:06 Uhr\n                        \u003C\/time\u003E\n                                                \u003C\/div\u003E\n            \u003C\/a\u003E\n            \u003C\/div\u003E\n            \u003C\/article\u003E\n\n                                                                    \n\n    \u003Carticle class=\u0022col-md-6 col-lg-4 block-tile type-article\u0022\u003E\n                    \u003Cdiv class=\u0022border rounded shadow-sm h-100 flex-column d-flex    \u0022\u003E\n                    \u003Ca href=\u0022\/care-inside\/95-neue-seniorenwohnungen-in-brandenburg-an-der-havel\u0022\u003E\n                            \n                            \n                    \u003Cdiv class=\u0022tile-body flex-grow-1 d-flex flex-column    \u0022\u003E\n                                                                                                            \u003Ch3 class=\u0022h2\u0022\u003E95 neue Seniorenwohnungen in Brandenburg an der Havel\u003C\/h3\u003E\n                            \n                                    \n                                                                                    \u003Cp class=\u0022flex-grow-1\u0022\u003E\n                                                        \nBis 2023 entsteht in Brandenburg an der Havel ein Wohn- und Pflegequartier der Alexa-Gruppe aus Berlin. Geplant sind 95\n                                                            \u0026hellip; \u003Cicon class=\u0022fa fa-angle-double-right ms-1\u0022\u003E\u003C\/icon\u003E\n                                                    \u003C\/p\u003E\n                                    \n                                                            \u003Ctime class=\u0022small\u0022 datetime=\u00222021-12-21T21:26:47+01:00\u0022\u003E\n                            21. Dezember 2021 | 21:26 Uhr\n                        \u003C\/time\u003E\n                                                \u003C\/div\u003E\n            \u003C\/a\u003E\n            \u003C\/div\u003E\n            \u003C\/article\u003E\n\n                                                                    \n\n    \u003Carticle class=\u0022col-md-6 col-lg-4 block-tile type-ad\u0022\u003E\n                    \u003Cdiv class=\u0022border rounded shadow-sm h-100 flex-column d-flex\u0022\u003E\n                                \u003Cspan class=\u0022ad-caption py-2 pe-3\u0022\u003EAnzeige\u003C\/span\u003E\n    \n                                \u003Cdiv class=\u0022tile-body\u0022\u003E\n                                                                                                        \u003Ca href=\u0022https:\/\/www.carevor9.de\/api\/v1\/tracking\/click\/290551\/aHR0cHMlM0ElMkYlMkZ3d3cuY2FyZXZvcjkuZGUlMkZhZHZlcnRvcmlhbHMlMkZsaXF1aWRpdGFldC1kcmVpLWJhdXN0ZWluZS1mdWVyLWVpbmUtc3RhYmlsZS1maW5hbnppZXJ1bmc=%3Futm_source=newsletter%26utm_medium=email%26utm_campaign=Liquidit%C3%A4t:%20Drei%20Bausteine%20f%C3%BCr%20eine%20stabile%20Finanzierung\u0022 rel=\u0022nofollow\u0022 target=\u0022_blank\u0022\u003E\n                                                        \u003Cfigure\u003E\n                                                        \u003Cimg src=\u0022https:\/\/www.carevor9.de\/api\/v1\/tracking\/view\/290551\/290551\u0022 alt=\u0022\u0022 height=\u0022100%\u0022 width=\u0022100%\u0022 class=\u0022img-fluid\u0022\/\u003E\n\n                                                                    \u003Cfigcaption\u003E\n                                                                                    \u003Cdiv class=\u0022copyright-image text-end ezrichtext-field\u0022\u003E\u003Cp\u003ESozialFactoring GmbH\u003C\/p\u003E\n\u003C\/div\u003E\n\n                                                                            \u003C\/figcaption\u003E\n                                                            \u003C\/figure\u003E\n                                                                            \u003C\/a\u003E\n                                            \n                                            \u003Ch3 class=\u0022h2\u0022\u003E\u003Cspan class=\u0022ezstring-field\u0022\u003ELiquidit\u00e4t: Drei Bausteine f\u00fcr eine stabile Finanzierung\u003C\/span\u003E\u003C\/h3\u003E\n                        \u003Cdiv class=\u0022mt-2 link-arrow\u0022\u003E\n                            \u003Cp\u003EViele Einrichtungen im Sozial- und Gesundheitswesen stehen unter finanziellem Druck. Eine vorausschauende Liquidit\u00e4tsplanung st\u00e4rkt ihre Handlungsf\u00e4higkeit, verhindert Engp\u00e4sse und erleichtert notwendige Investitionen. Wer Zahlungsstr\u00f6me fr\u00fchzeitig im Blick hat und Finanzierungsm\u00f6glichkeiten gezielt kombiniert, kann Engp\u00e4sse vermeiden und notwendige Investitionen sicher planen. Diese drei Bausteine helfen dabei. \u003Ca href=\u0022https:\/\/www.carevor9.de\/api\/v1\/tracking\/click\/290551\/aHR0cHMlM0ElMkYlMkZ3d3cuY2FyZXZvcjkuZGUlMkZhZHZlcnRvcmlhbHMlMkZsaXF1aWRpdGFldC1kcmVpLWJhdXN0ZWluZS1mdWVyLWVpbmUtc3RhYmlsZS1maW5hbnppZXJ1bmc=%3Futm_source=newsletter%26utm_medium=email%26utm_campaign=Liquidit%C3%A4t:%20Drei%20Bausteine%20f%C3%BCr%20eine%20stabile%20Finanzierung\u0022 target=\u0022_blank\u0022 rel=\u0022nofollow\u0022\u003ECare vor9\u003C\/a\u003E\u003C\/p\u003E\n\n                        \u003C\/div\u003E\n                                    \u003C\/div\u003E\n            \n                    \u003C\/div\u003E\n            \u003C\/article\u003E\n\n                                                                    \n\n    \u003Carticle class=\u0022col-md-6 col-lg-4 block-tile type-article\u0022\u003E\n                    \u003Cdiv class=\u0022border rounded shadow-sm h-100 flex-column d-flex    \u0022\u003E\n                    \u003Ca href=\u0022\/care-inside\/icade-sante-kauft-drei-pflegeheime-fuer-57-millionen-euro\u0022\u003E\n                            \n                            \n                    \u003Cdiv class=\u0022tile-body flex-grow-1 d-flex flex-column    \u0022\u003E\n                                                                                                            \u003Ch3 class=\u0022h2\u0022\u003EIcade Sant\u00e9 kauft drei Pflegeheime f\u00fcr 57 Millionen Euro\u003C\/h3\u003E\n                            \n                                    \n                                                                                    \u003Cp class=\u0022flex-grow-1\u0022\u003E\n                                                        \nDer Gesundheitsinvestor Icade Sant\u00e9 kauft drei Pflegeheimen mit insgesamt 254 Pflegebetten und 95 Servicewohnungen f\u00fcr\n                                                            \u0026hellip; \u003Cicon class=\u0022fa fa-angle-double-right ms-1\u0022\u003E\u003C\/icon\u003E\n                                                    \u003C\/p\u003E\n                                    \n                                                            \u003Ctime class=\u0022small\u0022 datetime=\u00222021-12-21T21:26:35+01:00\u0022\u003E\n                            21. Dezember 2021 | 21:26 Uhr\n                        \u003C\/time\u003E\n                                                \u003C\/div\u003E\n            \u003C\/a\u003E\n            \u003C\/div\u003E\n            \u003C\/article\u003E\n\n                                                                    \n\n    \u003Carticle class=\u0022col-md-6 col-lg-4 block-tile type-article\u0022\u003E\n                    \u003Cdiv class=\u0022border rounded shadow-sm h-100 flex-column d-flex             bg-primary\n    \u0022\u003E\n                    \u003Ca href=\u0022\/care-inside\/hoehere-impfquote-von-bewohnern-als-von-beschaeftigten\u0022\u003E\n                            \n                                                                                                                \u003Cfigure class=\u0022alias-article_1x1 img-fluid rounded-top w-69\u0022 \u003E\n                                                                                                            \u003Cimg src=\u0022https:\/\/www.carevor9.de\/var\/site\/storage\/images\/_aliases\/article_1x1\/9\/5\/7\/0\/1690759-1-ger-DE\/Corona Impfung Quadrat Foto iStock kovop.jpg\u0022 alt=\u0022Corona Impfung Quadrat Foto iStock kovop\u0022 class=\u0022img-fluid\u0022 height=\u0022350\u0022 width=\u0022350\u0022 \/\u003E\n                                                    \u003Cfigcaption\u003E\n                                                                                                                        \u003Cdiv class=\u0022copyright-image text-end text-white pt-1 pe-2 ezrichtext-field\u0022\u003E\u003Cp\u003EiStock kovop\u003C\/p\u003E\n\u003C\/div\u003E\n\n                                                                                                                                    \u003C\/figcaption\u003E\n                                            \u003C\/figure\u003E\n                                \n                    \u003Cdiv class=\u0022tile-body flex-grow-1 d-flex flex-column             text-white\n    \u0022\u003E\n                                                                                                    \u003Ch3 class=\u0022h2 flex-grow-1\u0022\u003EH\u00f6here Impfquote von Bewohnern als von Besch\u00e4ftigten \u003Cicon class=\u0022fa fa-angle-double-right text-white ms-2\u0022\u003E\u003C\/icon\u003E\u003C\/h3\u003E\n                                    \n                                                    \n                                                            \u003Ctime class=\u0022small\u0022 datetime=\u00222021-12-21T21:26:09+01:00\u0022\u003E\n                            21. Dezember 2021 | 21:26 Uhr\n                        \u003C\/time\u003E\n                                                \u003C\/div\u003E\n            \u003C\/a\u003E\n            \u003C\/div\u003E\n            \u003C\/article\u003E\n\n                                                                    \n\n    \u003Carticle class=\u0022col-md-6 col-lg-4 block-tile type-article\u0022\u003E\n                    \u003Cdiv class=\u0022border rounded shadow-sm h-100 flex-column d-flex    \u0022\u003E\n                    \u003Ca href=\u0022\/care-inside\/patientenschuetzer-fordern-hilfe-beim-testen-in-pflegeheimen\u0022\u003E\n                            \n                            \n                    \u003Cdiv class=\u0022tile-body flex-grow-1 d-flex flex-column    \u0022\u003E\n                                                                                                            \u003Ch3 class=\u0022h2\u0022\u003EPatientensch\u00fctzer fordern Hilfe beim Testen in Pflegeheimen\u003C\/h3\u003E\n                            \n                                    \n                                                                                    \u003Cp class=\u0022flex-grow-1\u0022\u003E\n                                                        \nPatientensch\u00fctzer bef\u00fcrchten, dass wegen Corona viele Bewohner von Alten- und Pflegeheimen zu Weihnachten erneut isoliert\n                                                            \u0026hellip; \u003Cicon class=\u0022fa fa-angle-double-right ms-1\u0022\u003E\u003C\/icon\u003E\n                                                    \u003C\/p\u003E\n                                    \n                                                            \u003Ctime class=\u0022small\u0022 datetime=\u00222021-12-21T21:22:31+01:00\u0022\u003E\n                            21. Dezember 2021 | 21:22 Uhr\n                        \u003C\/time\u003E\n                                                \u003C\/div\u003E\n            \u003C\/a\u003E\n            \u003C\/div\u003E\n            \u003C\/article\u003E\n\n                                                                    \n\n    \u003Carticle class=\u0022col-md-6 col-lg-4 block-tile type-article\u0022\u003E\n                    \u003Cdiv class=\u0022border rounded shadow-sm h-100 flex-column d-flex             bg-primary\n    \u0022\u003E\n                    \u003Ca href=\u0022\/care-inside\/klage-beim-bundesverfassungsgericht-gegen-impfpflicht\u0022\u003E\n                            \n                                                                                                                \u003Cfigure class=\u0022alias-article_1x1 img-fluid rounded-top w-69\u0022 \u003E\n                                                                                                            \u003Cimg src=\u0022https:\/\/www.carevor9.de\/var\/site\/storage\/images\/_aliases\/article_1x1\/4\/8\/7\/0\/1690784-1-ger-DE\/Justitia Quadrat Foto iStock seb_ra.jpg\u0022 alt=\u0022Justitia Quadrat Foto iStock seb_ra\u0022 class=\u0022img-fluid\u0022 height=\u0022350\u0022 width=\u0022350\u0022 \/\u003E\n                                                    \u003Cfigcaption\u003E\n                                                                                                                        \u003Cdiv class=\u0022copyright-image text-end text-white pt-1 pe-2 ezrichtext-field\u0022\u003E\u003Cp\u003EiStock seb_ra\u003C\/p\u003E\n\u003C\/div\u003E\n\n                                                                                                                                    \u003C\/figcaption\u003E\n                                            \u003C\/figure\u003E\n                                \n                    \u003Cdiv class=\u0022tile-body flex-grow-1 d-flex flex-column             text-white\n    \u0022\u003E\n                                                                                                    \u003Ch3 class=\u0022h2 flex-grow-1\u0022\u003EKlage beim \u003Cspan class=\u0027hyphen\u0027\u003EBundesverfassungsgericht\u003C\/span\u003E gegen Impfpflicht \u003Cicon class=\u0022fa fa-angle-double-right text-white ms-2\u0022\u003E\u003C\/icon\u003E\u003C\/h3\u003E\n                                    \n                                                    \n                                                            \u003Ctime class=\u0022small\u0022 datetime=\u00222021-12-21T21:21:33+01:00\u0022\u003E\n                            21. Dezember 2021 | 21:21 Uhr\n                        \u003C\/time\u003E\n                                                \u003C\/div\u003E\n            \u003C\/a\u003E\n            \u003C\/div\u003E\n            \u003C\/article\u003E\n\n                                                                    \n\n    \u003Carticle class=\u0022col-md-6 col-lg-4 block-tile type-article\u0022\u003E\n                    \u003Cdiv class=\u0022border rounded shadow-sm h-100 flex-column d-flex             bg-primary\n    \u0022\u003E\n                    \u003Ca href=\u0022\/care-inside\/reiseportal-spendet-urlaub-an-pflegepersonal\u0022\u003E\n                            \n                                                                                                                \u003Cfigure class=\u0022alias-article_1x1 img-fluid rounded-top w-69\u0022 \u003E\n                                                                                                            \u003Cimg src=\u0022https:\/\/www.carevor9.de\/var\/site\/storage\/images\/_aliases\/article_1x1\/6\/0\/1\/9\/1689106-1-ger-DE\/Landurlaub Bauernhof  Foto iStock bluejayphoto.jpg\u0022 alt=\u0022Landurlaub Bauernhof Foto iStock bluejayphoto\u0022 class=\u0022img-fluid\u0022 height=\u0022350\u0022 width=\u0022350\u0022 \/\u003E\n                                                    \u003Cfigcaption\u003E\n                                                                                                                        \u003Cdiv class=\u0022copyright-image text-end text-white pt-1 pe-2 ezrichtext-field\u0022\u003E\u003Cp\u003EiStock bluejayphoto\u003C\/p\u003E\n\u003C\/div\u003E\n\n                                                                                                                                    \u003C\/figcaption\u003E\n                                            \u003C\/figure\u003E\n                                \n                    \u003Cdiv class=\u0022tile-body flex-grow-1 d-flex flex-column             text-white\n    \u0022\u003E\n                                                                                                    \u003Ch3 class=\u0022h2 flex-grow-1\u0022\u003EReiseportal spendet Urlaub an Pflegepersonal \u003Cicon class=\u0022fa fa-angle-double-right text-white ms-2\u0022\u003E\u003C\/icon\u003E\u003C\/h3\u003E\n                                    \n                                                    \n                                                            \u003Ctime class=\u0022small\u0022 datetime=\u00222021-12-20T19:21:14+01:00\u0022\u003E\n                            20. Dezember 2021 | 19:21 Uhr\n                        \u003C\/time\u003E\n                                                \u003C\/div\u003E\n            \u003C\/a\u003E\n            \u003C\/div\u003E\n            \u003C\/article\u003E\n\n                                                                    \n\n    \u003Carticle class=\u0022col-md-6 col-lg-4 block-tile type-article\u0022\u003E\n                    \u003Cdiv class=\u0022border rounded shadow-sm h-100 flex-column d-flex    \u0022\u003E\n                    \u003Ca href=\u0022\/care-inside\/sterblichkeitsrate-in-pflegeheimen-deutlich-gestiegen\u0022\u003E\n                            \n                            \n                    \u003Cdiv class=\u0022tile-body flex-grow-1 d-flex flex-column    \u0022\u003E\n                                                                                                            \u003Ch3 class=\u0022h2\u0022\u003E\u003Cspan class=\u0027hyphen\u0027\u003ESterblichkeitsrate\u003C\/span\u003E in Pflegeheimen deutlich gestiegen\u003C\/h3\u003E\n                            \n                                    \n                                                                                    \u003Cp class=\u0022flex-grow-1\u0022\u003E\n                                                        \nLaut dem Pflegereport 2021 des\u00a0Wissenschaftlichen Instituts der AOK ist w\u00e4hrend der Pandemie die Sterblichkeit in Pflegeheimen\n                                                            \u0026hellip; \u003Cicon class=\u0022fa fa-angle-double-right ms-1\u0022\u003E\u003C\/icon\u003E\n                                                    \u003C\/p\u003E\n                                    \n                                                            \u003Ctime class=\u0022small\u0022 datetime=\u00222021-12-20T19:21:07+01:00\u0022\u003E\n                            20. Dezember 2021 | 19:21 Uhr\n                        \u003C\/time\u003E\n                                                \u003C\/div\u003E\n            \u003C\/a\u003E\n            \u003C\/div\u003E\n            \u003C\/article\u003E\n\n                                                                    \n\n    \u003Carticle class=\u0022col-md-6 col-lg-4 block-tile type-article\u0022\u003E\n                    \u003Cdiv class=\u0022border rounded shadow-sm h-100 flex-column d-flex             bg-primary\n    \u0022\u003E\n                    \u003Ca href=\u0022\/care-inside\/arbeitgeber-wollen-bonus-nur-fuer-geimpfte-pflegekraefte\u0022\u003E\n                            \n                                                                                                                \u003Cfigure class=\u0022alias-article_1x1 img-fluid rounded-top w-69\u0022 \u003E\n                                                                                                            \u003Cimg src=\u0022https:\/\/www.carevor9.de\/var\/site\/storage\/images\/_aliases\/article_1x1\/0\/7\/2\/9\/1689270-1-ger-DE\/Geld Euroscheine Quadrat Foto iStock Delpixart.jpg\u0022 alt=\u0022Geld Euroscheine Quadrat Foto iStock Delpixart\u0022 class=\u0022img-fluid\u0022 height=\u0022350\u0022 width=\u0022350\u0022 \/\u003E\n                                                    \u003Cfigcaption\u003E\n                                                                                                                        \u003Cdiv class=\u0022copyright-image text-end text-white pt-1 pe-2 ezrichtext-field\u0022\u003E\u003Cp\u003EiStock Delpixart\u003C\/p\u003E\n\u003C\/div\u003E\n\n                                                                                                                                    \u003C\/figcaption\u003E\n                                            \u003C\/figure\u003E\n                                \n                    \u003Cdiv class=\u0022tile-body flex-grow-1 d-flex flex-column             text-white\n    \u0022\u003E\n                                                                                                    \u003Ch3 class=\u0022h2 flex-grow-1\u0022\u003EArbeitgeber wollen Bonus nur f\u00fcr geimpfte Pflegekr\u00e4fte \u003Cicon class=\u0022fa fa-angle-double-right text-white ms-2\u0022\u003E\u003C\/icon\u003E\u003C\/h3\u003E\n                                    \n                                                    \n                                                            \u003Ctime class=\u0022small\u0022 datetime=\u00222021-12-20T19:20:12+01:00\u0022\u003E\n                            20. Dezember 2021 | 19:20 Uhr\n                        \u003C\/time\u003E\n                                                \u003C\/div\u003E\n            \u003C\/a\u003E\n            \u003C\/div\u003E\n            \u003C\/article\u003E\n\n                                                                    \n\n    \u003Carticle class=\u0022col-md-6 col-lg-4 block-tile type-article\u0022\u003E\n                    \u003Cdiv class=\u0022border rounded shadow-sm h-100 flex-column d-flex    \u0022\u003E\n                    \u003Ca href=\u0022\/care-inside\/benevit-macht-ernst-und-stellt-62-impfverweigerer-frei\u0022\u003E\n                            \n                            \n                    \u003Cdiv class=\u0022tile-body flex-grow-1 d-flex flex-column    \u0022\u003E\n                                                                                                            \u003Ch3 class=\u0022h2\u0022\u003EBenevit macht ernst und stellt 62 Impfverweigerer frei\u003C\/h3\u003E\n                            \n                                    \n                                                                                    \u003Cp class=\u0022flex-grow-1\u0022\u003E\n                                                        \nDer Chef des Pflegeheimbetreibers Benevit, Kaspar Pfister, hat seine Ank\u00fcndigung wahrgemacht, ungeimpfte Mitarbeiter nicht\n                                                            \u0026hellip; \u003Cicon class=\u0022fa fa-angle-double-right ms-1\u0022\u003E\u003C\/icon\u003E\n                                                    \u003C\/p\u003E\n                                    \n                                                            \u003Ctime class=\u0022small\u0022 datetime=\u00222021-12-20T08:01:53+01:00\u0022\u003E\n                            20. Dezember 2021 | 08:01 Uhr\n                        \u003C\/time\u003E\n                                                \u003C\/div\u003E\n            \u003C\/a\u003E\n            \u003C\/div\u003E\n            \u003C\/article\u003E\n\n                                                                    \n\n    \u003Carticle class=\u0022col-md-6 col-lg-4 block-tile type-article\u0022\u003E\n                    \u003Cdiv class=\u0022border rounded shadow-sm h-100 flex-column d-flex             bg-primary\n    \u0022\u003E\n                    \u003Ca href=\u0022\/care-inside\/zwei-neue-seniorenresidenzen-in-alfeld-und-wesel-uebergeben\u0022\u003E\n                            \n                                                                                                                \u003Cfigure class=\u0022alias-article_1x1 img-fluid rounded-top w-69\u0022 \u003E\n                                                                                                            \u003Cimg src=\u0022https:\/\/www.carevor9.de\/var\/site\/storage\/images\/_aliases\/article_1x1\/6\/7\/4\/8\/1688476-1-ger-DE\/Cureus Seniorenresidenz Alfeld Foto Arne von Hoersten.jpg\u0022 alt=\u0022Cureus Seniorenresidenz Alfeld Foto Arne von Hoersten\u0022 class=\u0022img-fluid\u0022 height=\u0022350\u0022 width=\u0022350\u0022 \/\u003E\n                                                    \u003Cfigcaption\u003E\n                                                                                                                        \u003Cdiv class=\u0022copyright-image text-end text-white pt-1 pe-2 ezrichtext-field\u0022\u003E\u003Cp\u003EArne von Hoersten\u003C\/p\u003E\n\u003C\/div\u003E\n\n                                                                                                                                    \u003C\/figcaption\u003E\n                                            \u003C\/figure\u003E\n                                \n                    \u003Cdiv class=\u0022tile-body flex-grow-1 d-flex flex-column             text-white\n    \u0022\u003E\n                                                                                                    \u003Ch3 class=\u0022h2 flex-grow-1\u0022\u003EZwei neue \u003Cspan class=\u0027hyphen\u0027\u003ESeniorenresidenzen\u003C\/span\u003E in Alfeld und Wesel \u00fcbergeben \u003Cicon class=\u0022fa fa-angle-double-right text-white ms-2\u0022\u003E\u003C\/icon\u003E\u003C\/h3\u003E\n                                    \n                                                    \n                                                            \u003Ctime class=\u0022small\u0022 datetime=\u00222021-12-20T07:00:00+01:00\u0022\u003E\n                            20. Dezember 2021 | 07:00 Uhr\n                        \u003C\/time\u003E\n                                                \u003C\/div\u003E\n            \u003C\/a\u003E\n            \u003C\/div\u003E\n            \u003C\/article\u003E\n\n                                                                    \n\n    \u003Carticle class=\u0022col-md-6 col-lg-4 block-tile type-article\u0022\u003E\n                    \u003Cdiv class=\u0022border rounded shadow-sm h-100 flex-column d-flex    \u0022\u003E\n                    \u003Ca href=\u0022\/care-inside\/verband-fordert-aussetzung-von-regel-qualitaetspruefungen\u0022\u003E\n                            \n                            \n                    \u003Cdiv class=\u0022tile-body flex-grow-1 d-flex flex-column    \u0022\u003E\n                                                                                                            \u003Ch3 class=\u0022h2\u0022\u003EVerband fordert Aussetzung von Regel-Qualit\u00e4tspr\u00fcfungen\u003C\/h3\u003E\n                            \n                                    \n                                                                                    \u003Cp class=\u0022flex-grow-1\u0022\u003E\n                                                        \n\u0026quot;Wir halten eine bundesweit einheitliche Regelung der Aussetzung von Regelpr\u00fcfungen f\u00fcr sinnhaft\u0026quot;, sagt Andreas Kern, Vorsitzender\n                                                            \u0026hellip; \u003Cicon class=\u0022fa fa-angle-double-right ms-1\u0022\u003E\u003C\/icon\u003E\n                                                    \u003C\/p\u003E\n                                    \n                                                            \u003Ctime class=\u0022small\u0022 datetime=\u00222021-12-20T07:00:00+01:00\u0022\u003E\n                            20. Dezember 2021 | 07:00 Uhr\n                        \u003C\/time\u003E\n                                                \u003C\/div\u003E\n            \u003C\/a\u003E\n            \u003C\/div\u003E\n            \u003C\/article\u003E\n\n                                                                    \n\n    \u003Carticle class=\u0022col-md-6 col-lg-4 block-tile type-article\u0022\u003E\n                    \u003Cdiv class=\u0022border rounded shadow-sm h-100 flex-column d-flex             bg-primary\n    \u0022\u003E\n                    \u003Ca href=\u0022\/care-inside\/infizierte-pflegekraft-arbeitet-mit-falschem-impfpass-weiter\u0022\u003E\n                            \n                                                                                                                \u003Cfigure class=\u0022alias-article_1x1 img-fluid rounded-top w-69\u0022 \u003E\n                                                                                                            \u003Cimg src=\u0022https:\/\/www.carevor9.de\/var\/site\/storage\/images\/_aliases\/article_1x1\/1\/9\/4\/8\/1688491-1-ger-DE\/Impfausweis Quadrat Foto iStock Zerbor.jpg\u0022 alt=\u0022Impfausweis Quadrat Foto iStock Zerbor\u0022 class=\u0022img-fluid\u0022 height=\u0022350\u0022 width=\u0022350\u0022 \/\u003E\n                                                    \u003Cfigcaption\u003E\n                                                                                                                        \u003Cdiv class=\u0022copyright-image text-end text-white pt-1 pe-2 ezrichtext-field\u0022\u003E\u003Cp\u003EiStock Zerbor\u003C\/p\u003E\n\u003C\/div\u003E\n\n                                                                                                                                    \u003C\/figcaption\u003E\n                                            \u003C\/figure\u003E\n                                \n                    \u003Cdiv class=\u0022tile-body flex-grow-1 d-flex flex-column             text-white\n    \u0022\u003E\n                                                                                                    \u003Ch3 class=\u0022h2 flex-grow-1\u0022\u003EInfizierte Pflegekraft arbeitet mit falschem Impfpass weiter \u003Cicon class=\u0022fa fa-angle-double-right text-white ms-2\u0022\u003E\u003C\/icon\u003E\u003C\/h3\u003E\n                                    \n                                                    \n                                                            \u003Ctime class=\u0022small\u0022 datetime=\u00222021-12-19T09:27:08+01:00\u0022\u003E\n                            19. Dezember 2021 | 09:27 Uhr\n                        \u003C\/time\u003E\n                                                \u003C\/div\u003E\n            \u003C\/a\u003E\n            \u003C\/div\u003E\n            \u003C\/article\u003E\n\n                                                                    \n\n    \u003Carticle class=\u0022col-md-6 col-lg-4 block-tile type-article\u0022\u003E\n                    \u003Cdiv class=\u0022border rounded shadow-sm h-100 flex-column d-flex    \u0022\u003E\n                    \u003Ca href=\u0022\/care-inside\/viele-deutsche-verdraengen-das-thema-pflege\u0022\u003E\n                            \n                            \n                    \u003Cdiv class=\u0022tile-body flex-grow-1 d-flex flex-column    \u0022\u003E\n                                                                                                            \u003Ch3 class=\u0022h2\u0022\u003EViele Deutsche verdr\u00e4ngen das Thema Pflege\u003C\/h3\u003E\n                            \n                                    \n                                                                                    \u003Cp class=\u0022flex-grow-1\u0022\u003E\n                                                        \nDie H\u00e4lfte der M\u00e4nner und zwei Drittel der Frauen in Deutschland werden im Laufe ihres Lebens pflegebed\u00fcrftig. 66 Prozent\n                                                            \u0026hellip; \u003Cicon class=\u0022fa fa-angle-double-right ms-1\u0022\u003E\u003C\/icon\u003E\n                                                    \u003C\/p\u003E\n                                    \n                                                            \u003Ctime class=\u0022small\u0022 datetime=\u00222021-12-19T09:26:12+01:00\u0022\u003E\n                            19. Dezember 2021 | 09:26 Uhr\n                        \u003C\/time\u003E\n                                                \u003C\/div\u003E\n            \u003C\/a\u003E\n            \u003C\/div\u003E\n            \u003C\/article\u003E\n\n                                                                    \n\n    \u003Carticle class=\u0022col-md-6 col-lg-4 block-tile type-article\u0022\u003E\n                    \u003Cdiv class=\u0022border rounded shadow-sm h-100 flex-column d-flex    \u0022\u003E\n                    \u003Ca href=\u0022\/care-inside\/niedersachsen-will-pflegegesetz-aendern\u0022\u003E\n                            \n                            \n                    \u003Cdiv class=\u0022tile-body flex-grow-1 d-flex flex-column    \u0022\u003E\n                                                                                                            \u003Ch3 class=\u0022h2\u0022\u003ENiedersachsen will Pflegegesetz \u00e4ndern\u003C\/h3\u003E\n                            \n                                    \n                                                                                    \u003Cp class=\u0022flex-grow-1\u0022\u003E\n                                                        \nUm die Situation in der Pflege zu verbessern, hat Niedersachsen eine \u00c4nderung des Pflegegesetzes auf den Weg gebracht\n                                                            \u0026hellip; \u003Cicon class=\u0022fa fa-angle-double-right ms-1\u0022\u003E\u003C\/icon\u003E\n                                                    \u003C\/p\u003E\n                                    \n                                                            \u003Ctime class=\u0022small\u0022 datetime=\u00222021-12-19T09:26:03+01:00\u0022\u003E\n                            19. Dezember 2021 | 09:26 Uhr\n                        \u003C\/time\u003E\n                                                \u003C\/div\u003E\n            \u003C\/a\u003E\n            \u003C\/div\u003E\n            \u003C\/article\u003E\n\n                                                                    \n\n    \u003Carticle class=\u0022col-md-6 col-lg-4 block-tile type-article\u0022\u003E\n                    \u003Cdiv class=\u0022border rounded shadow-sm h-100 flex-column d-flex    \u0022\u003E\n                    \u003Ca href=\u0022\/care-inside\/drk-seniorenresidenz-in-sangerhausen-uebergeben\u0022\u003E\n                            \n                            \n                    \u003Cdiv class=\u0022tile-body flex-grow-1 d-flex flex-column    \u0022\u003E\n                                                                                                            \u003Ch3 class=\u0022h2\u0022\u003EDRK-Seniorenresidenz in Sangerhausen \u00fcbergeben\u003C\/h3\u003E\n                            \n                                    \n                                                                                    \u003Cp class=\u0022flex-grow-1\u0022\u003E\n                                                        \nDie Seniorenresidenz \u0026quot;Rosalie\u0026quot; in Sangerhausen ist eingeweiht worden. Die neue Einrichtung im S\u00fcdwesten von Sachsen-Anhalt\n                                                            \u0026hellip; \u003Cicon class=\u0022fa fa-angle-double-right ms-1\u0022\u003E\u003C\/icon\u003E\n                                                    \u003C\/p\u003E\n                                    \n                                                            \u003Ctime class=\u0022small\u0022 datetime=\u00222021-12-19T09:25:49+01:00\u0022\u003E\n                            19. Dezember 2021 | 09:25 Uhr\n                        \u003C\/time\u003E\n                                                \u003C\/div\u003E\n            \u003C\/a\u003E\n            \u003C\/div\u003E\n            \u003C\/article\u003E\n\n                                                                    \n\n    \u003Carticle class=\u0022col-md-6 col-lg-4 block-tile type-article\u0022\u003E\n                    \u003Cdiv class=\u0022border rounded shadow-sm h-100 flex-column d-flex    \u0022\u003E\n                    \u003Ca href=\u0022\/care-inside\/flutkatastrophe-ermittlungen-nach-zwoelf-toten-in-pflegeheim\u0022\u003E\n                            \n                            \n                    \u003Cdiv class=\u0022tile-body flex-grow-1 d-flex flex-column    \u0022\u003E\n                                                                                                            \u003Ch3 class=\u0022h2\u0022\u003EFlutkatastrophe: Ermittlungen nach zw\u00f6lf Toten in Pflegeheim\u003C\/h3\u003E\n                            \n                                    \n                                                                                    \u003Cp class=\u0022flex-grow-1\u0022\u003E\n                                                        \nBei der Hochwasserkatastrophe im Juli ertranken in einem Pflegeheim in Sinzig zw\u00f6lf Menschen. Die Polizei versucht nun\n                                                            \u0026hellip; \u003Cicon class=\u0022fa fa-angle-double-right ms-1\u0022\u003E\u003C\/icon\u003E\n                                                    \u003C\/p\u003E\n                                    \n                                                            \u003Ctime class=\u0022small\u0022 datetime=\u00222021-12-16T17:25:47+01:00\u0022\u003E\n                            16. Dezember 2021 | 17:25 Uhr\n                        \u003C\/time\u003E\n                                                \u003C\/div\u003E\n            \u003C\/a\u003E\n            \u003C\/div\u003E\n            \u003C\/article\u003E\n\n                                                                    \n\n    \u003Carticle class=\u0022col-md-6 col-lg-4 block-tile type-article\u0022\u003E\n                    \u003Cdiv class=\u0022border rounded shadow-sm h-100 flex-column d-flex    \u0022\u003E\n                    \u003Ca href=\u0022\/care-inside\/investoren-reissen-sich-um-das-pflege-start-up-kenbi\u0022\u003E\n                            \n                            \n                    \u003Cdiv class=\u0022tile-body flex-grow-1 d-flex flex-column    \u0022\u003E\n                                                                                                            \u003Ch3 class=\u0022h2\u0022\u003EInvestoren rei\u00dfen sich um das Pflege-Start-up Kenbi\u003C\/h3\u003E\n                            \n                                    \n                                                                                    \u003Cp class=\u0022flex-grow-1\u0022\u003E\n                                                        \nDas Pflege-Start-up Kenbi ist mit besseren Arbeitsbedingungen und weniger B\u00fcrokratie durch eigene Software auf Erfolgskurs\n                                                            \u0026hellip; \u003Cicon class=\u0022fa fa-angle-double-right ms-1\u0022\u003E\u003C\/icon\u003E\n                                                    \u003C\/p\u003E\n                                    \n                                                            \u003Ctime class=\u0022small\u0022 datetime=\u00222021-12-16T17:23:54+01:00\u0022\u003E\n                            16. Dezember 2021 | 17:23 Uhr\n                        \u003C\/time\u003E\n                                                \u003C\/div\u003E\n            \u003C\/a\u003E\n            \u003C\/div\u003E\n            \u003C\/article\u003E\n\n                                                                    \n\n    \u003Carticle class=\u0022col-md-6 col-lg-4 block-tile type-article\u0022\u003E\n                    \u003Cdiv class=\u0022border rounded shadow-sm h-100 flex-column d-flex    \u0022\u003E\n                    \u003Ca href=\u0022\/care-inside\/neues-pflegeheim-wird-in-kleinmachnow-errichtet\u0022\u003E\n                            \n                            \n                    \u003Cdiv class=\u0022tile-body flex-grow-1 d-flex flex-column    \u0022\u003E\n                                                                                                            \u003Ch3 class=\u0022h2\u0022\u003ENeues Pflegeheim wird in Kleinmachnow errichtet\u003C\/h3\u003E\n                            \n                                    \n                                                                                    \u003Cp class=\u0022flex-grow-1\u0022\u003E\n                                                        \nDas Pflegeheim im brandenburgischen Kleinmachnow wird 85 Einzelzimmer sowie eine K\u00fcche und ein Restaurant bieten. Die Investitionssumme\n                                                            \u0026hellip; \u003Cicon class=\u0022fa fa-angle-double-right ms-1\u0022\u003E\u003C\/icon\u003E\n                                                    \u003C\/p\u003E\n                                    \n                                                            \u003Ctime class=\u0022small\u0022 datetime=\u00222021-12-16T17:22:55+01:00\u0022\u003E\n                            16. Dezember 2021 | 17:22 Uhr\n                        \u003C\/time\u003E\n                                                \u003C\/div\u003E\n            \u003C\/a\u003E\n            \u003C\/div\u003E\n            \u003C\/article\u003E\n\n                                                                    \n\n    \u003Carticle class=\u0022col-md-6 col-lg-4 block-tile type-article\u0022\u003E\n                    \u003Cdiv class=\u0022border rounded shadow-sm h-100 flex-column d-flex             bg-primary\n    \u0022\u003E\n                    \u003Ca href=\u0022\/care-inside\/pcr-testpflicht-fuer-ungeimpfte-besucher-in-baden-wuerttemberg\u0022\u003E\n                            \n                                                                                                                \u003Cfigure class=\u0022alias-article_1x1 img-fluid rounded-top w-69\u0022 \u003E\n                                                                                                            \u003Cimg src=\u0022https:\/\/www.carevor9.de\/var\/site\/storage\/images\/_aliases\/article_1x1\/7\/5\/2\/7\/1687257-1-ger-DE\/Corona Corona-Test Quadrat Foto iStock sonreir es gratis.jpg\u0022 alt=\u0022Corona Corona-Test Quadrat Foto iStock sonreir es gratis\u0022 class=\u0022img-fluid\u0022 height=\u0022350\u0022 width=\u0022350\u0022 \/\u003E\n                                                    \u003Cfigcaption\u003E\n                                                                                                                        \u003Cdiv class=\u0022copyright-image text-end text-white pt-1 pe-2 ezrichtext-field\u0022\u003E\u003Cp\u003EiStock sonreir es gratis\u003C\/p\u003E\n\u003C\/div\u003E\n\n                                                                                                                                    \u003C\/figcaption\u003E\n                                            \u003C\/figure\u003E\n                                \n                    \u003Cdiv class=\u0022tile-body flex-grow-1 d-flex flex-column             text-white\n    \u0022\u003E\n                                                                                                    \u003Ch3 class=\u0022h2 flex-grow-1\u0022\u003EPCR-Testpflicht f\u00fcr ungeimpfte Besucher in Baden-W\u00fcrttemberg \u003Cicon class=\u0022fa fa-angle-double-right text-white ms-2\u0022\u003E\u003C\/icon\u003E\u003C\/h3\u003E\n                                    \n                                                    \n                                                            \u003Ctime class=\u0022small\u0022 datetime=\u00222021-12-16T17:21:56+01:00\u0022\u003E\n                            16. Dezember 2021 | 17:21 Uhr\n                        \u003C\/time\u003E\n                                                \u003C\/div\u003E\n            \u003C\/a\u003E\n            \u003C\/div\u003E\n            \u003C\/article\u003E\n\n                                                                    \n\n    \u003Carticle class=\u0022col-md-6 col-lg-4 block-tile type-article\u0022\u003E\n                    \u003Cdiv class=\u0022border rounded shadow-sm h-100 flex-column d-flex    \u0022\u003E\n                    \u003Ca href=\u0022\/care-inside\/streit-um-pflegekammern-geht-weiter\u0022\u003E\n                            \n                            \n                    \u003Cdiv class=\u0022tile-body flex-grow-1 d-flex flex-column    \u0022\u003E\n                                                                                                            \u003Ch3 class=\u0022h2\u0022\u003EStreit um Pflegekammern geht weiter\u003C\/h3\u003E\n                            \n                                    \n                                                                                    \u003Cp class=\u0022flex-grow-1\u0022\u003E\n                                                        \nDer Start des Berufsverbandes st\u00f6\u00dft auch in Nordrhein-Westfalen und Rheinland-Pfalz auf Widerstand. Nach Protesten hat\n                                                            \u0026hellip; \u003Cicon class=\u0022fa fa-angle-double-right ms-1\u0022\u003E\u003C\/icon\u003E\n                                                    \u003C\/p\u003E\n                                    \n                                                            \u003Ctime class=\u0022small\u0022 datetime=\u00222021-12-16T15:36:06+01:00\u0022\u003E\n                            16. Dezember 2021 | 15:36 Uhr\n                        \u003C\/time\u003E\n                                                \u003C\/div\u003E\n            \u003C\/a\u003E\n            \u003C\/div\u003E\n            \u003C\/article\u003E\n\n                                                                    \n\n    \u003Carticle class=\u0022col-md-6 col-lg-4 block-tile type-article\u0022\u003E\n                    \u003Cdiv class=\u0022border rounded shadow-sm h-100 flex-column d-flex    \u0022\u003E\n                    \u003Ca href=\u0022\/care-inside\/kda-will-das-wohnen-im-alter-demokratisieren\u0022\u003E\n                            \n                            \n                    \u003Cdiv class=\u0022tile-body flex-grow-1 d-flex flex-column    \u0022\u003E\n                                                                                                            \u003Ch3 class=\u0022h2\u0022\u003EKDA will das Wohnen im Alter demokratisieren\u003C\/h3\u003E\n                            \n                                    \n                                                                                    \u003Cp class=\u0022flex-grow-1\u0022\u003E\n                                                        \nDie Corona-Einschr\u00e4nkungen in der Langzeitpflege sind ein Eingriff in die Selbstbestimmungs- und Teilhabem\u00f6glichkeiten\n                                                            \u0026hellip; \u003Cicon class=\u0022fa fa-angle-double-right ms-1\u0022\u003E\u003C\/icon\u003E\n                                                    \u003C\/p\u003E\n                                    \n                                                            \u003Ctime class=\u0022small\u0022 datetime=\u00222021-12-16T07:00:00+01:00\u0022\u003E\n                            16. Dezember 2021 | 07:00 Uhr\n                        \u003C\/time\u003E\n                                                \u003C\/div\u003E\n            \u003C\/a\u003E\n            \u003C\/div\u003E\n            \u003C\/article\u003E\n\n                                                                    \n\n    \u003Carticle class=\u0022col-md-6 col-lg-4 block-tile type-article\u0022\u003E\n                    \u003Cdiv class=\u0022border rounded shadow-sm h-100 flex-column d-flex             bg-primary\n    \u0022\u003E\n                    \u003Ca href=\u0022\/care-inside\/ermittlungen-wegen-coronatoten-in-mannheimer-pflegeheim\u0022\u003E\n                            \n                                                                                                                \u003Cfigure class=\u0022alias-article_1x1 img-fluid rounded-top w-69\u0022 \u003E\n                                                                                                            \u003Cimg src=\u0022https:\/\/www.carevor9.de\/var\/site\/storage\/images\/_aliases\/article_1x1\/6\/0\/5\/5\/1685506-1-ger-DE\/Polizei Absperrung Ermittlung Kriminalit\u00e4t Quadrat Foto iStock ofc pictures.jpg\u0022 alt=\u0022Polizei Absperrung Ermittlung Kriminalit\u00e4t Quadrat Foto iStock ofc pictures\u0022 class=\u0022img-fluid\u0022 height=\u0022350\u0022 width=\u0022350\u0022 \/\u003E\n                                                    \u003Cfigcaption\u003E\n                                                                                                                        \u003Cdiv class=\u0022copyright-image text-end text-white pt-1 pe-2 ezrichtext-field\u0022\u003E\u003Cp\u003EiStock ofc pictures\u003C\/p\u003E\n\u003C\/div\u003E\n\n                                                                                                                                    \u003C\/figcaption\u003E\n                                            \u003C\/figure\u003E\n                                \n                    \u003Cdiv class=\u0022tile-body flex-grow-1 d-flex flex-column             text-white\n    \u0022\u003E\n                                                                                                    \u003Ch3 class=\u0022h2 flex-grow-1\u0022\u003EErmittlungen wegen Coronatoten in Mannheimer Pflegeheim \u003Cicon class=\u0022fa fa-angle-double-right text-white ms-2\u0022\u003E\u003C\/icon\u003E\u003C\/h3\u003E\n                                    \n                                                    \n                                                            \u003Ctime class=\u0022small\u0022 datetime=\u00222021-12-15T18:04:16+01:00\u0022\u003E\n                            15. Dezember 2021 | 18:04 Uhr\n                        \u003C\/time\u003E\n                                                \u003C\/div\u003E\n            \u003C\/a\u003E\n            \u003C\/div\u003E\n            \u003C\/article\u003E\n\n                                                                    \n\n    \u003Carticle class=\u0022col-md-6 col-lg-4 block-tile type-article\u0022\u003E\n                    \u003Cdiv class=\u0022border rounded shadow-sm h-100 flex-column d-flex             bg-primary\n    \u0022\u003E\n                    \u003Ca href=\u0022\/care-inside\/bayern-begrenzt-leiharbeit-in-der-stationaeren-pflege\u0022\u003E\n                            \n                                                                                                                \u003Cfigure class=\u0022alias-article_1x1 img-fluid rounded-top w-69\u0022 \u003E\n                                                                                                            \u003Cimg src=\u0022https:\/\/www.carevor9.de\/var\/site\/storage\/images\/_aliases\/article_1x1\/7\/2\/2\/5\/1685227-1-ger-DE\/Pflegeheim Altenpflege Seniorenheim Pflegekraft iStock Ridofranz.jpg\u0022 alt=\u0022Pflegeheim Altenpflege Seniorenheim Pflegekraft Foto iStock Ridofranz\u0022 class=\u0022img-fluid\u0022 height=\u0022350\u0022 width=\u0022350\u0022 \/\u003E\n                                                    \u003Cfigcaption\u003E\n                                                                                                                        \u003Cdiv class=\u0022copyright-image text-end text-white pt-1 pe-2 ezrichtext-field\u0022\u003E\u003Cp\u003EiStock Ridofranz\u003C\/p\u003E\n\u003C\/div\u003E\n\n                                                                                                                                    \u003C\/figcaption\u003E\n                                            \u003C\/figure\u003E\n                                \n                    \u003Cdiv class=\u0022tile-body flex-grow-1 d-flex flex-column             text-white\n    \u0022\u003E\n                                                                                                    \u003Ch3 class=\u0022h2 flex-grow-1\u0022\u003EBayern begrenzt Leiharbeit in der station\u00e4ren Pflege \u003Cicon class=\u0022fa fa-angle-double-right text-white ms-2\u0022\u003E\u003C\/icon\u003E\u003C\/h3\u003E\n                                    \n                                                    \n                                                            \u003Ctime class=\u0022small\u0022 datetime=\u00222021-12-15T15:34:42+01:00\u0022\u003E\n                            15. Dezember 2021 | 15:34 Uhr\n                        \u003C\/time\u003E\n                                                \u003C\/div\u003E\n            \u003C\/a\u003E\n            \u003C\/div\u003E\n            \u003C\/article\u003E\n\n                                                                    \n\n    \u003Carticle class=\u0022col-md-6 col-lg-4 block-tile type-article\u0022\u003E\n                    \u003Cdiv class=\u0022border rounded shadow-sm h-100 flex-column d-flex             bg-primary\n    \u0022\u003E\n                    \u003Ca href=\u0022\/care-inside\/booster-impfung-befreit-nicht-vom-test-in-pflegeheimen\u0022\u003E\n                            \n                                                                                                                \u003Cfigure class=\u0022alias-article_1x1 img-fluid rounded-top w-69\u0022 \u003E\n                                                                                                            \u003Cimg src=\u0022https:\/\/www.carevor9.de\/var\/site\/storage\/images\/_aliases\/article_1x1\/6\/8\/4\/5\/1685486-1-ger-DE\/Corona Impfpass Quadrat Foto iStock Travel Wild.jpg\u0022 alt=\u0022Corona Impfpass Quadrat Foto iStock Travel Wild\u0022 class=\u0022img-fluid\u0022 height=\u0022350\u0022 width=\u0022350\u0022 \/\u003E\n                                                    \u003Cfigcaption\u003E\n                                                                                                                        \u003Cdiv class=\u0022copyright-image text-end text-white pt-1 pe-2 ezrichtext-field\u0022\u003E\u003Cp\u003EiStock Travel Wild\u003C\/p\u003E\n\u003C\/div\u003E\n\n                                                                                                                                    \u003C\/figcaption\u003E\n                                            \u003C\/figure\u003E\n                                \n                    \u003Cdiv class=\u0022tile-body flex-grow-1 d-flex flex-column             text-white\n    \u0022\u003E\n                                                                                                    \u003Ch3 class=\u0022h2 flex-grow-1\u0022\u003EBooster-Impfung befreit nicht vom Test in Pflegeheimen \u003Cicon class=\u0022fa fa-angle-double-right text-white ms-2\u0022\u003E\u003C\/icon\u003E\u003C\/h3\u003E\n                                    \n                                                    \n                                                            \u003Ctime class=\u0022small\u0022 datetime=\u00222021-12-15T15:34:37+01:00\u0022\u003E\n                            15. Dezember 2021 | 15:34 Uhr\n                        \u003C\/time\u003E\n                                                \u003C\/div\u003E\n            \u003C\/a\u003E\n            \u003C\/div\u003E\n            \u003C\/article\u003E\n\n                                                                    \n\n    \u003Carticle class=\u0022col-md-6 col-lg-4 block-tile type-article\u0022\u003E\n                    \u003Cdiv class=\u0022border rounded shadow-sm h-100 flex-column d-flex    \u0022\u003E\n                    \u003Ca href=\u0022\/care-inside\/neues-impfradar-fuer-pflegeheime\u0022\u003E\n                            \n                            \n                    \u003Cdiv class=\u0022tile-body flex-grow-1 d-flex flex-column    \u0022\u003E\n                                                                                                            \u003Ch3 class=\u0022h2\u0022\u003ENeues Impfradar f\u00fcr Pflegeheime\u003C\/h3\u003E\n                            \n                                    \n                                                                                    \u003Cp class=\u0022flex-grow-1\u0022\u003E\n                                                        \n\u00dcber den aktuellen Impfstatus in Pflegeheimen bundesweit fehlen valide Daten. Mit den am Freitag beschlossenen \u00c4nderungen\n                                                            \u0026hellip; \u003Cicon class=\u0022fa fa-angle-double-right ms-1\u0022\u003E\u003C\/icon\u003E\n                                                    \u003C\/p\u003E\n                                    \n                                                            \u003Ctime class=\u0022small\u0022 datetime=\u00222021-12-15T15:34:32+01:00\u0022\u003E\n                            15. Dezember 2021 | 15:34 Uhr\n                        \u003C\/time\u003E\n                                                \u003C\/div\u003E\n            \u003C\/a\u003E\n            \u003C\/div\u003E\n            \u003C\/article\u003E\n\n                                                                    \n\n    \u003Carticle class=\u0022col-md-6 col-lg-4 block-tile type-article\u0022\u003E\n                    \u003Cdiv class=\u0022border rounded shadow-sm h-100 flex-column d-flex    \u0022\u003E\n                    \u003Ca href=\u0022\/care-inside\/schoenes-leben-baut-wohnanlage-in-wolfsburg\u0022\u003E\n                            \n                            \n                    \u003Cdiv class=\u0022tile-body flex-grow-1 d-flex flex-column    \u0022\u003E\n                                                                                                            \u003Ch3 class=\u0022h2\u0022\u003ESch\u00f6nes Leben baut Wohnanlage in Wolfsburg\u003C\/h3\u003E\n                            \n                                    \n                                                                                    \u003Cp class=\u0022flex-grow-1\u0022\u003E\n                                                        \nIm Stadtteil Reislingen nahe der Wolfsburger Innenstadt entsteht eine neue Wohnanlage f\u00fcr alte Menschen. Die Anlage der\n                                                            \u0026hellip; \u003Cicon class=\u0022fa fa-angle-double-right ms-1\u0022\u003E\u003C\/icon\u003E\n                                                    \u003C\/p\u003E\n                                    \n                                                            \u003Ctime class=\u0022small\u0022 datetime=\u00222021-12-15T15:34:26+01:00\u0022\u003E\n                            15. Dezember 2021 | 15:34 Uhr\n                        \u003C\/time\u003E\n                                                \u003C\/div\u003E\n            \u003C\/a\u003E\n            \u003C\/div\u003E\n            \u003C\/article\u003E\n\n                                                                    \n\n    \u003Carticle class=\u0022col-md-6 col-lg-4 block-tile type-article\u0022\u003E\n                    \u003Cdiv class=\u0022border rounded shadow-sm h-100 flex-column d-flex    \u0022\u003E\n                    \u003Ca href=\u0022\/care-inside\/bpa-erneut-in-der-pflegekommission-vertreten\u0022\u003E\n                            \n                            \n                    \u003Cdiv class=\u0022tile-body flex-grow-1 d-flex flex-column    \u0022\u003E\n                                                                                                            \u003Ch3 class=\u0022h2\u0022\u003EBPA erneut in der Pflegekommission vertreten\u003C\/h3\u003E\n                            \n                                    \n                                                                                    \u003Cp class=\u0022flex-grow-1\u0022\u003E\n                                                        \nDer Pr\u00e4sident des BPA Arbeitgeberverbands, Rainer Br\u00fcderle, wurde zum ordentlichen Mitglied und der stellvertretende Pr\u00e4sident\n                                                            \u0026hellip; \u003Cicon class=\u0022fa fa-angle-double-right ms-1\u0022\u003E\u003C\/icon\u003E\n                                                    \u003C\/p\u003E\n                                    \n                                                            \u003Ctime class=\u0022small\u0022 datetime=\u00222021-12-14T20:29:07+01:00\u0022\u003E\n                            14. Dezember 2021 | 20:29 Uhr\n                        \u003C\/time\u003E\n                                                \u003C\/div\u003E\n            \u003C\/a\u003E\n            \u003C\/div\u003E\n            \u003C\/article\u003E\n\n                                                                    \n\n    \u003Carticle class=\u0022col-md-6 col-lg-4 block-tile type-article\u0022\u003E\n                    \u003Cdiv class=\u0022border rounded shadow-sm h-100 flex-column d-flex             bg-primary\n    \u0022\u003E\n                    \u003Ca href=\u0022\/care-inside\/specht-gruppe-baut-seniorenresidenz-in-liebenau\u0022\u003E\n                            \n                                                                                                                \u003Cfigure class=\u0022alias-article_1x1 img-fluid rounded-top w-69\u0022 \u003E\n                                                                                                            \u003Cimg src=\u0022https:\/\/www.carevor9.de\/var\/site\/storage\/images\/_aliases\/article_1x1\/4\/4\/1\/4\/1684144-1-ger-DE\/Specht-Gruppe Liebenau Grundsteinlegung Foto Specht-Gruppe.jpg\u0022 alt=\u0022Specht-Gruppe Liebenau Grundsteinlegung Foto Specht-Gruppe.jpg\u0022 class=\u0022img-fluid\u0022 height=\u0022350\u0022 width=\u0022350\u0022 \/\u003E\n                                                    \u003Cfigcaption\u003E\n                                                                                                                        \u003Cdiv class=\u0022copyright-image text-end text-white pt-1 pe-2 ezrichtext-field\u0022\u003E\u003Cp\u003ESpecht-Gruppe\u003C\/p\u003E\n\u003C\/div\u003E\n\n                                                                                                                                    \u003C\/figcaption\u003E\n                                            \u003C\/figure\u003E\n                                \n                    \u003Cdiv class=\u0022tile-body flex-grow-1 d-flex flex-column             text-white\n    \u0022\u003E\n                                                                                                    \u003Ch3 class=\u0022h2 flex-grow-1\u0022\u003ESpecht-Gruppe baut \u003Cspan class=\u0027hyphen\u0027\u003ESeniorenresidenz\u003C\/span\u003E in Liebenau \u003Cicon class=\u0022fa fa-angle-double-right text-white ms-2\u0022\u003E\u003C\/icon\u003E\u003C\/h3\u003E\n                                    \n                                                    \n                                                            \u003Ctime class=\u0022small\u0022 datetime=\u00222021-12-14T20:29:00+01:00\u0022\u003E\n                            14. Dezember 2021 | 20:29 Uhr\n                        \u003C\/time\u003E\n                                                \u003C\/div\u003E\n            \u003C\/a\u003E\n            \u003C\/div\u003E\n            \u003C\/article\u003E\n\n            \n\n    \u003Cdiv class=\u0022col-md-12\u0022\u003E\n        \u003Cul class=\u0022pagination\u0022\u003E\u003Cli class=\u0022page-item prev\u0022\u003E\u003Ca class=\u0022page-link\u0022 href=\u0022\/page\/154656\/30\/tile_3col?ad=134953\u0026page=154\u0022 rel=\u0022prev\u0022\u003E\u0026larr; Vorherige\u003C\/a\u003E\u003C\/li\u003E\u003Cli class=\u0022page-item\u0022\u003E\u003Ca class=\u0022page-link\u0022 href=\u0022\/page\/154656\/30\/tile_3col?ad=134953\u0026page=1\u0022\u003E1\u003C\/a\u003E\u003C\/li\u003E\u003Cli class=\u0022page-item disabled\u0022\u003E\u003Cspan class=\u0022page-link\u0022\u003E\u0026hellip;\u003C\/span\u003E\u003C\/li\u003E\u003Cli class=\u0022page-item\u0022\u003E\u003Ca class=\u0022page-link\u0022 href=\u0022\/page\/154656\/30\/tile_3col?ad=134953\u0026page=152\u0022\u003E152\u003C\/a\u003E\u003C\/li\u003E\u003Cli class=\u0022page-item\u0022\u003E\u003Ca class=\u0022page-link\u0022 href=\u0022\/page\/154656\/30\/tile_3col?ad=134953\u0026page=153\u0022\u003E153\u003C\/a\u003E\u003C\/li\u003E\u003Cli class=\u0022page-item\u0022\u003E\u003Ca class=\u0022page-link\u0022 href=\u0022\/page\/154656\/30\/tile_3col?ad=134953\u0026page=154\u0022\u003E154\u003C\/a\u003E\u003C\/li\u003E\u003Cli class=\u0022page-item active\u0022\u003E\u003Cspan class=\u0022page-link\u0022\u003E155 \u003Cspan class=\u0022sr-only\u0022\u003E(current)\u003C\/span\u003E\u003C\/span\u003E\u003C\/li\u003E\u003Cli class=\u0022page-item\u0022\u003E\u003Ca class=\u0022page-link\u0022 href=\u0022\/page\/154656\/30\/tile_3col?ad=134953\u0026page=156\u0022\u003E156\u003C\/a\u003E\u003C\/li\u003E\u003Cli class=\u0022page-item\u0022\u003E\u003Ca class=\u0022page-link\u0022 href=\u0022\/page\/154656\/30\/tile_3col?ad=134953\u0026page=157\u0022\u003E157\u003C\/a\u003E\u003C\/li\u003E\u003Cli class=\u0022page-item\u0022\u003E\u003Ca class=\u0022page-link\u0022 href=\u0022\/page\/154656\/30\/tile_3col?ad=134953\u0026page=158\u0022\u003E158\u003C\/a\u003E\u003C\/li\u003E\u003Cli class=\u0022page-item next\u0022\u003E\u003Ca class=\u0022page-link\u0022 href=\u0022\/page\/154656\/30\/tile_3col?ad=134953\u0026page=156\u0022 rel=\u0022next\u0022\u003EN\u00e4chste \u0026rarr;\u003C\/a\u003E\u003C\/li\u003E\u003C\/ul\u003E\n    \u003C\/div\u003E\n"}